{"id":15668,"date":"2023-09-18T11:32:52","date_gmt":"2023-09-18T08:32:52","guid":{"rendered":"https:\/\/encoart.com\/?p=15668"},"modified":"2026-08-01T04:45:47","modified_gmt":"2026-08-01T01:45:47","slug":"ce-quil-faut-savoir-pour-determiner-les-prix-des-jardins-dhiver","status":"publish","type":"post","link":"https:\/\/encoart.com\/fr\/ce-quil-faut-savoir-pour-determiner-les-prix-des-jardins-dhiver\/","title":{"rendered":"Choses \u00e0 savoir pour d\u00e9terminer les prix des jardins d\u2019hiver"},"content":{"rendered":"<p><strong>jardins d&#039;hiver<\/strong>sont des espaces uniques qui apportent la nature \u00e0 votre maison, vous permettent d&#039;\u00eatre en contact avec la nature et ajoutent de la valeur aux espaces de vie. Ces derni\u00e8res ann\u00e9es, les jardins d\u2019hiver ont suscit\u00e9 un grand int\u00e9r\u00eat de la part des amateurs de combinaison d\u2019espaces int\u00e9rieurs et ext\u00e9rieurs. Si ces espaces ajoutent une valeur esth\u00e9tique et fonctionnelle \u00e0 votre maison, ils offrent \u00e9galement des espaces de vie agr\u00e9ables. Bien, <strong>prix du jardin d&#039;hiver<\/strong> Comment est-il d\u00e9termin\u00e9 et \u00e0 quoi faut-il faire attention ? Voici tous les d\u00e9tails qui affectent les co\u00fbts du jardin d\u2019hiver :<\/p>\n<h3><span class=\"ez-toc-section\" id=\"Projenin_Buyuklugu_ve_Kompleksitesi\"><\/span>Taille et complexit\u00e9 du projet<span class=\"ez-toc-section-end\"><\/span><\/h3><div id=\"ez-toc-container\" class=\"ez-toc-v2_0_78 counter-hierarchy ez-toc-counter ez-toc-grey ez-toc-container-direction\">\n<div class=\"ez-toc-title-container\">\n<p class=\"ez-toc-title\" style=\"cursor:inherit\">Contenu de la page<\/p>\n<span class=\"ez-toc-title-toggle\"><a href=\"#\" class=\"ez-toc-pull-right ez-toc-btn ez-toc-btn-xs ez-toc-btn-default ez-toc-toggle\" aria-label=\"Basculer la table des mati\u00e8res\"><span class=\"ez-toc-js-icon-con\"><span class=\"\"><span class=\"eztoc-hide\" style=\"display:none;\">Basculer<\/span><span class=\"ez-toc-icon-toggle-span\"><svg style=\"fill: #999;color:#999\" xmlns=\"http:\/\/www.w3.org\/2000\/svg\" class=\"list-377408\" width=\"20px\" height=\"20px\" viewbox=\"0 0 24 24\" fill=\"none\"><path d=\"M6 6H4v2h2V6zm14 0H8v2h12V6zM4 11h2v2H4v-2zm16 0H8v2h12v-2zM4 16h2v2H4v-2zm16 0H8v2h12v-2z\" fill=\"currentColor\"><\/path><\/svg><svg style=\"fill: #999;color:#999\" class=\"arrow-unsorted-368013\" xmlns=\"http:\/\/www.w3.org\/2000\/svg\" width=\"10px\" height=\"10px\" viewbox=\"0 0 24 24\" version=\"1.2\" baseprofile=\"tiny\"><path d=\"M18.2 9.3l-6.2-6.3-6.2 6.3c-.2.2-.3.4-.3.7s.1.5.3.7c.2.2.4.3.7.3h11c.3 0 .5-.1.7-.3.2-.2.3-.5.3-.7s-.1-.5-.3-.7zM5.8 14.7l6.2 6.3 6.2-6.3c.2-.2.3-.5.3-.7s-.1-.5-.3-.7c-.2-.2-.4-.3-.7-.3h-11c-.3 0-.5.1-.7.3-.2.2-.3.5-.3.7s.1.5.3.7z\"\/><\/svg><\/span><\/span><\/span><\/a><\/span><\/div>\n<nav><ul class='ez-toc-list ez-toc-list-level-1' ><ul class='ez-toc-list-level-3' ><li class='ez-toc-heading-level-3'><a class=\"ez-toc-link ez-toc-heading-1\" href=\"https:\/\/encoart.com\/fr\/ce-quil-faut-savoir-pour-determiner-les-prix-des-jardins-dhiver\/#Projenin_Buyuklugu_ve_Kompleksitesi\" >Taille et complexit\u00e9 du projet<\/a><\/li><li class='ez-toc-page-1 ez-toc-heading-level-3'><a class=\"ez-toc-link ez-toc-heading-2\" href=\"https:\/\/encoart.com\/fr\/ce-quil-faut-savoir-pour-determiner-les-prix-des-jardins-dhiver\/#Malzeme_Secimi\" >S\u00e9lection des mat\u00e9riaux<\/a><\/li><li class='ez-toc-page-1 ez-toc-heading-level-3'><a class=\"ez-toc-link ez-toc-heading-3\" href=\"https:\/\/encoart.com\/fr\/ce-quil-faut-savoir-pour-determiner-les-prix-des-jardins-dhiver\/#Isitma_ve_Yalitim\" >Chauffage et Isolation<\/a><\/li><li class='ez-toc-page-1 ez-toc-heading-level-3'><a class=\"ez-toc-link ez-toc-heading-4\" href=\"https:\/\/encoart.com\/fr\/ce-quil-faut-savoir-pour-determiner-les-prix-des-jardins-dhiver\/#Izinler_ve_Duzenlemeler\" >Permis et r\u00e8glements<\/a><\/li><li class='ez-toc-page-1 ez-toc-heading-level-3'><a class=\"ez-toc-link ez-toc-heading-5\" href=\"https:\/\/encoart.com\/fr\/ce-quil-faut-savoir-pour-determiner-les-prix-des-jardins-dhiver\/#Profesyonel_Yardim\" >Aide professionnelle<\/a><\/li><li class='ez-toc-page-1 ez-toc-heading-level-3'><a class=\"ez-toc-link ez-toc-heading-6\" href=\"https:\/\/encoart.com\/fr\/ce-quil-faut-savoir-pour-determiner-les-prix-des-jardins-dhiver\/#Tasarim_ve_Ozellestirme\" >Conception et personnalisation<\/a><\/li><li class='ez-toc-page-1 ez-toc-heading-level-3'><a class=\"ez-toc-link ez-toc-heading-7\" href=\"https:\/\/encoart.com\/fr\/ce-quil-faut-savoir-pour-determiner-les-prix-des-jardins-dhiver\/#Bakim_ve_Isletme_Maliyetleri\" >Co\u00fbts de maintenance et d\u2019exploitation<\/a><\/li><li class='ez-toc-page-1 ez-toc-heading-level-3'><a class=\"ez-toc-link ez-toc-heading-8\" href=\"https:\/\/encoart.com\/fr\/ce-quil-faut-savoir-pour-determiner-les-prix-des-jardins-dhiver\/#Butce_Planlamasi\" >Planification budg\u00e9taire<\/a><\/li><li class='ez-toc-page-1 ez-toc-heading-level-3'><a class=\"ez-toc-link ez-toc-heading-9\" href=\"https:\/\/encoart.com\/fr\/ce-quil-faut-savoir-pour-determiner-les-prix-des-jardins-dhiver\/#Kis_Bahcesi_Fiyatlari_Ne_Kadardir\" >Quels sont les tarifs du jardin d&#039;hiver ?<\/a><\/li><li class='ez-toc-page-1 ez-toc-heading-level-3'><a class=\"ez-toc-link ez-toc-heading-10\" href=\"https:\/\/encoart.com\/fr\/ce-quil-faut-savoir-pour-determiner-les-prix-des-jardins-dhiver\/#Kis_Bahcesi_Insaat_Suresi\" >Dur\u00e9e de la construction du jardin d\u2019hiver<\/a><\/li><li class='ez-toc-page-1 ez-toc-heading-level-3'><a class=\"ez-toc-link ez-toc-heading-11\" href=\"https:\/\/encoart.com\/fr\/ce-quil-faut-savoir-pour-determiner-les-prix-des-jardins-dhiver\/#Kis_Bahcesi_Bakim_Maliyetleri\" >Co\u00fbts d\u2019entretien du jardin d\u2019hiver<\/a><\/li><\/ul><\/li><li class='ez-toc-page-1 ez-toc-heading-level-2'><a class=\"ez-toc-link ez-toc-heading-12\" href=\"https:\/\/encoart.com\/fr\/ce-quil-faut-savoir-pour-determiner-les-prix-des-jardins-dhiver\/#Sikca_Sorulan_Sorular_SSS\" >Foire aux questions (FAQ)<\/a><ul class='ez-toc-list-level-3' ><li class='ez-toc-heading-level-3'><a class=\"ez-toc-link ez-toc-heading-13\" href=\"https:\/\/encoart.com\/fr\/ce-quil-faut-savoir-pour-determiner-les-prix-des-jardins-dhiver\/#Kis_bahcesi_nedir_ve_neden_tercih_edilmelidir\" >Qu\u2019est-ce qu\u2019un jardin d\u2019hiver et pourquoi faut-il le privil\u00e9gier ?<\/a><\/li><li class='ez-toc-page-1 ez-toc-heading-level-3'><a class=\"ez-toc-link ez-toc-heading-14\" href=\"https:\/\/encoart.com\/fr\/ce-quil-faut-savoir-pour-determiner-les-prix-des-jardins-dhiver\/#Kis_bahcesi_fiyatlari_neye_gore_belirlenir\" >Comment sont d\u00e9termin\u00e9s les prix des jardins d\u2019hiver ?<\/a><\/li><li class='ez-toc-page-1 ez-toc-heading-level-3'><a class=\"ez-toc-link ez-toc-heading-15\" href=\"https:\/\/encoart.com\/fr\/ce-quil-faut-savoir-pour-determiner-les-prix-des-jardins-dhiver\/#Kis_bahcesi_projeleri_ne_kadar_surer\" >Combien de temps durent les projets de jardins d&#039;hiver ?<\/a><\/li><li class='ez-toc-page-1 ez-toc-heading-level-3'><a class=\"ez-toc-link ez-toc-heading-16\" href=\"https:\/\/encoart.com\/fr\/ce-quil-faut-savoir-pour-determiner-les-prix-des-jardins-dhiver\/#Kis_bahcesi_insa_ederken_hangi_malzemeler_kullanilir\" >Quels mat\u00e9riaux sont utilis\u00e9s pour construire un jardin d&#039;hiver ?<\/a><\/li><li class='ez-toc-page-1 ez-toc-heading-level-3'><a class=\"ez-toc-link ez-toc-heading-17\" href=\"https:\/\/encoart.com\/fr\/ce-quil-faut-savoir-pour-determiner-les-prix-des-jardins-dhiver\/#Kis_bahcesi_icin_isitma_ve_yalitim_neden_onemlidir\" >Pourquoi le chauffage et l\u2019isolation sont-ils importants pour le jardin d\u2019hiver ?<\/a><\/li><li class='ez-toc-page-1 ez-toc-heading-level-3'><a class=\"ez-toc-link ez-toc-heading-18\" href=\"https:\/\/encoart.com\/fr\/ce-quil-faut-savoir-pour-determiner-les-prix-des-jardins-dhiver\/#Kis_bahcesi_insasi_icin_hangi_izinlere_ihtiyac_duyulur\" >Quels permis sont n\u00e9cessaires pour la construction d&#039;un jardin d&#039;hiver ?<\/a><\/li><li class='ez-toc-page-1 ez-toc-heading-level-3'><a class=\"ez-toc-link ez-toc-heading-19\" href=\"https:\/\/encoart.com\/fr\/ce-quil-faut-savoir-pour-determiner-les-prix-des-jardins-dhiver\/#Kis_bahcesi_maliyetlerini_nasil_dusurebilirim\" >Comment puis-je r\u00e9duire les co\u00fbts de la v\u00e9randa ?<\/a><\/li><li class='ez-toc-page-1 ez-toc-heading-level-3'><a class=\"ez-toc-link ez-toc-heading-20\" href=\"https:\/\/encoart.com\/fr\/ce-quil-faut-savoir-pour-determiner-les-prix-des-jardins-dhiver\/#Kis_bahcesinin_bakim_maliyetleri_nedir\" >Quels sont les frais d\u2019entretien du jardin d\u2019hiver ?<\/a><\/li><li class='ez-toc-page-1 ez-toc-heading-level-3'><a class=\"ez-toc-link ez-toc-heading-21\" href=\"https:\/\/encoart.com\/fr\/ce-quil-faut-savoir-pour-determiner-les-prix-des-jardins-dhiver\/#Kis_bahcesi_yatirim_degeri_saglar_mi\" >Une v\u00e9randa offre-t-elle une valeur d\u2019investissement ?<\/a><\/li><li class='ez-toc-page-1 ez-toc-heading-level-3'><a class=\"ez-toc-link ez-toc-heading-22\" href=\"https:\/\/encoart.com\/fr\/ce-quil-faut-savoir-pour-determiner-les-prix-des-jardins-dhiver\/#Kis_bahcesi_ile_normal_bir_teras_arasinda_ne_fark_vardir\" >Quelle est la diff\u00e9rence entre un jardin d&#039;hiver et une terrasse normale ?<\/a><\/li><\/ul><\/li><\/ul><\/nav><\/div>\n\n<p>L\u2019un des principaux facteurs affectant les prix des v\u00e9randas est la taille et la complexit\u00e9 du projet. <strong>Superficie en m\u00e8tres carr\u00e9s du jardin d&#039;hiver<\/strong> augmente, les co\u00fbts de main-d\u2019\u0153uvre et de mat\u00e9riaux augmentent naturellement. De plus, \u00e9tant donn\u00e9 que les conceptions complexes et sp\u00e9ciales n\u00e9cessitent plus de travail et de temps, ce facteur peut \u00e9galement augmenter le co\u00fbt. Il est donc important de d\u00e9terminer clairement la taille de votre v\u00e9randa et les caract\u00e9ristiques de conception dont vous avez besoin.<\/p>\n<h3><span class=\"ez-toc-section\" id=\"Malzeme_Secimi\"><\/span>S\u00e9lection des mat\u00e9riaux<span class=\"ez-toc-section-end\"><\/span><\/h3>\n<p><strong>Mat\u00e9riaux utilis\u00e9s dans la construction de jardins d&#039;hiver<\/strong>a un impact direct sur le co\u00fbt. <strong>Rev\u00eatements de sol, cadres, portes et fen\u00eatres, mat\u00e9riaux isolants<\/strong> La qualit\u00e9 de tous les \u00e9l\u00e9ments de construction augmentera les co\u00fbts du jardin d&#039;hiver. Cependant, les mat\u00e9riaux de qualit\u00e9 permettent d\u2019\u00e9conomiser de l\u2019argent \u00e0 long terme car ils n\u00e9cessitent moins d\u2019entretien et de r\u00e9paration. L\u2019utilisation de mat\u00e9riaux de haute qualit\u00e9 permet d\u2019avoir un jardin d\u2019hiver durable, m\u00eame si cela peut s\u2019av\u00e9rer co\u00fbteux au d\u00e9but.<\/p>\n<h3><span class=\"ez-toc-section\" id=\"Isitma_ve_Yalitim\"><\/span>Chauffage et Isolation<span class=\"ez-toc-section-end\"><\/span><\/h3>\n<p>La caract\u00e9ristique la plus importante des jardins d\u2019hiver est qu\u2019ils peuvent \u00eatre utilis\u00e9s confortablement pendant les mois d\u2019hiver. <strong>Syst\u00e8mes de chauffage et d&#039;isolation<\/strong>Fournit une efficacit\u00e9 \u00e9nerg\u00e9tique en gardant le jardin d\u2019hiver au chaud. Bien que ces syst\u00e8mes entra\u00eenent des co\u00fbts suppl\u00e9mentaires pour le projet, ils permettent de r\u00e9aliser des \u00e9conomies d&#039;\u00e9nergie pendant les mois d&#039;hiver. Une isolation particuli\u00e8rement bonne est d\u2019une grande importance en termes d\u2019\u00e9conomie d\u2019\u00e9nergie et de confort.<\/p>\n<h3><span class=\"ez-toc-section\" id=\"Izinler_ve_Duzenlemeler\"><\/span>Permis et r\u00e8glements<span class=\"ez-toc-section-end\"><\/span><\/h3>\n<p>Lors de la construction d\u2019un jardin d\u2019hiver, il est n\u00e9cessaire de respecter les r\u00e9glementations et permis locaux. <strong>Permis de construire, restrictions de propri\u00e9t\u00e9 et r\u00e9glementations environnementales<\/strong> Des facteurs tels que ceux-ci peuvent affecter le co\u00fbt du projet. Il est important de vous coordonner avec votre gouvernement local et d&#039;obtenir les permis n\u00e9cessaires pour garantir que votre projet est conforme aux exigences l\u00e9gales. Ce processus peut impliquer du temps et des co\u00fbts suppl\u00e9mentaires.<\/p>\n<h3><span class=\"ez-toc-section\" id=\"Profesyonel_Yardim\"><\/span>Aide professionnelle<span class=\"ez-toc-section-end\"><\/span><\/h3>\n<p>Si <strong><a href=\"https:\/\/encoart.com\/fr\/systemes-de-jardin-dhiver-2\/\">Jardin d&#039;hiver<\/a> votre projet<\/strong> Si vous envisagez de le construire vous-m\u00eame, il est essentiel que vous poss\u00e9diez les comp\u00e9tences n\u00e9cessaires. Cependant, embaucher une \u00e9quipe de construction professionnelle peut \u00eatre une option plus s\u00fbre en termes de d\u00e9lai et de qualit\u00e9. M\u00eame si faire appel \u00e0 un professionnel augmente les co\u00fbts, cela garantit la qualit\u00e9 du travail et vous permet de rencontrer moins de probl\u00e8mes \u00e0 long terme.<\/p>\n<h3><span class=\"ez-toc-section\" id=\"Tasarim_ve_Ozellestirme\"><\/span>Conception et personnalisation<span class=\"ez-toc-section-end\"><\/span><\/h3>\n<p>La conception de votre v\u00e9randa et ses caract\u00e9ristiques personnalis\u00e9es affectent \u00e9galement directement le co\u00fbt. Des caract\u00e9ristiques de conception particuli\u00e8res peuvent entra\u00eener des co\u00fbts suppl\u00e9mentaires. Cependant, cr\u00e9er un jardin d\u2019hiver qui refl\u00e8te vos propres go\u00fbts et con\u00e7u sp\u00e9cifiquement pour vos besoins offre un espace de vie confortable et agr\u00e9able.<\/p>\n<h3><span class=\"ez-toc-section\" id=\"Bakim_ve_Isletme_Maliyetleri\"><\/span>Co\u00fbts de maintenance et d\u2019exploitation<span class=\"ez-toc-section-end\"><\/span><\/h3>\n<p>Certains co\u00fbts perdurent une fois la construction du jardin d\u2019hiver termin\u00e9e. <strong>Chauffage, nettoyage, r\u00e9paration et entretien g\u00e9n\u00e9ral<\/strong> Ces facteurs peuvent varier en fonction de la taille du projet. Un entretien r\u00e9gulier de votre jardin d\u2019hiver assurera sa long\u00e9vit\u00e9 et vous aidera \u00e0 ma\u00eetriser vos co\u00fbts annuels d\u2019exploitation.<\/p>\n<h3><span class=\"ez-toc-section\" id=\"Butce_Planlamasi\"><\/span>Planification budg\u00e9taire<span class=\"ez-toc-section-end\"><\/span><\/h3>\n<p>La construction de v\u00e9randas est souvent consid\u00e9r\u00e9e comme un investissement co\u00fbteux. Par cons\u00e9quent, avant de d\u00e9marrer le projet, une information claire <strong>planification budg\u00e9taire<\/strong> Il est important que vous le fassiez. En d\u00e9terminant votre budget, vous pourrez g\u00e9rer les co\u00fbts de mani\u00e8re plus ma\u00eetris\u00e9e tout au long du projet et am\u00e9nager un jardin d&#039;hiver qui correspond \u00e0 vos souhaits. Vous pouvez \u00e9conomiser de l&#039;argent et \u00e9viter des d\u00e9penses inutiles en choisissant des mat\u00e9riaux conformes au budget d\u00e9termin\u00e9.<\/p>\n<h3><span class=\"ez-toc-section\" id=\"Kis_Bahcesi_Fiyatlari_Ne_Kadardir\"><\/span>Quels sont les tarifs du jardin d&#039;hiver ?<span class=\"ez-toc-section-end\"><\/span><\/h3>\n<p>Les prix des v\u00e9randas peuvent varier consid\u00e9rablement en fonction de quelques facteurs principaux. Ces facteurs incluent la taille du projet, la qualit\u00e9 des mat\u00e9riaux utilis\u00e9s, les niveaux de personnalisation, les syst\u00e8mes de chauffage et d&#039;isolation et les r\u00e9glementations locales. En moyenne, <strong>prix du jardin d&#039;hiver au m\u00e8tre carr\u00e9<\/strong> Cela peut varier, mais un projet moyen peut \u00eatre \u00e9valu\u00e9 dans une large gamme, allant d&#039;une petite zone \u00e0 des projets plus complexes.<\/p>\n<h3><span class=\"ez-toc-section\" id=\"Kis_Bahcesi_Insaat_Suresi\"><\/span>Dur\u00e9e de la construction du jardin d\u2019hiver<span class=\"ez-toc-section-end\"><\/span><\/h3>\n<p><strong>P\u00e9riode de construction du jardin d&#039;hiver<\/strong>varie en fonction de la taille et de la complexit\u00e9 du projet. Des projets petits et simples peuvent \u00eatre r\u00e9alis\u00e9s en quelques semaines, tandis que des projets de grande envergure et personnalis\u00e9s peuvent prendre des mois. La dur\u00e9e de votre projet est \u00e9galement directement li\u00e9e \u00e0 des facteurs tels que les d\u00e9lais d&#039;approvisionnement en mat\u00e9riaux et les permis locaux.<\/p>\n<h3><span class=\"ez-toc-section\" id=\"Kis_Bahcesi_Bakim_Maliyetleri\"><\/span>Co\u00fbts d\u2019entretien du jardin d\u2019hiver<span class=\"ez-toc-section-end\"><\/span><\/h3>\n<p><strong>Frais d&#039;entretien du jardin d&#039;hiver<\/strong>varie en fonction des mat\u00e9riaux utilis\u00e9s, de la taille du projet et des syst\u00e8mes de chauffage et d&#039;isolation utilis\u00e9s. <strong>Chauffage, nettoyage, entretien et r\u00e9paration des installations<\/strong> De telles d\u00e9penses sont importantes pour que votre jardin d\u2019hiver reste durable et fonctionnel. Apr\u00e8s avoir construit un jardin d\u2019hiver, il est recommand\u00e9 de cr\u00e9er un plan d\u2019entretien \u00e0 long terme, en tenant compte de ces co\u00fbts.<\/p>\n<p>Pour obtenir plus d&#039;informations et un devis <a href=\"https:\/\/www.google.com\/maps\/dir\/\/EncoArt+-+Aluminyum+%26+Cam+Hareketli+Mimari+Sistemler+Atat%C3%BCrk+Marmara+K%C3%BC%C3%A7%C3%BCk+Sanayi+Sitesi+34307+K%C3%BC%C3%A7%C3%BCk%C3%A7ekmece%2F%C4%B0stanbul\/@41.0615883,28.7950478,10z\/data=!4m8!4m7!1m0!1m5!1m1!1s0x14caa582dab80e1d:0xf5eac32dc33be856!2m2!1d28.7950478!2d41.0615883?entry=ttu&amp;g_ep=EgoyMDI0MTAwOS4wIKXMDSoASAFQAw%3D%3D\" target=\"_blank\" rel=\"noopener\"><strong>EncoArt<\/strong> <\/a>Vous pouvez nous contacter et b\u00e9n\u00e9ficier de nos solutions expertes.<\/p>\n<h2><span class=\"ez-toc-section\" id=\"Sikca_Sorulan_Sorular_SSS\"><\/span>Foire aux questions (FAQ)<span class=\"ez-toc-section-end\"><\/span><\/h2>\n<h3><span class=\"ez-toc-section\" id=\"Kis_bahcesi_nedir_ve_neden_tercih_edilmelidir\"><\/span>Qu\u2019est-ce qu\u2019un jardin d\u2019hiver et pourquoi faut-il le privil\u00e9gier ?<span class=\"ez-toc-section-end\"><\/span><\/h3>\n<p>Le jardin d&#039;hiver est un espace vitr\u00e9 ajout\u00e9 \u00e0 votre maison, vous permettant d&#039;\u00eatre en contact avec la nature quelle que soit la saison. Il ajoute une valeur esth\u00e9tique, agrandit votre espace de vie et ajoute une valeur d&#039;investissement \u00e0 votre maison.<\/p>\n<h3><span class=\"ez-toc-section\" id=\"Kis_bahcesi_fiyatlari_neye_gore_belirlenir\"><\/span>Comment sont d\u00e9termin\u00e9s les prix des jardins d\u2019hiver ?<span class=\"ez-toc-section-end\"><\/span><\/h3>\n<p>Les prix des jardins d&#039;hiver sont d\u00e9termin\u00e9s en fonction de la taille du projet, des mat\u00e9riaux utilis\u00e9s, de la complexit\u00e9 de la conception, des syst\u00e8mes de chauffage et d&#039;isolation. De plus, les co\u00fbts de main-d\u2019\u0153uvre et d\u2019assemblage font partie des facteurs importants affectant les prix.<\/p>\n<h3><span class=\"ez-toc-section\" id=\"Kis_bahcesi_projeleri_ne_kadar_surer\"><\/span>Combien de temps durent les projets de jardins d&#039;hiver ?<span class=\"ez-toc-section-end\"><\/span><\/h3>\n<p>La dur\u00e9e des projets de v\u00e9randa d\u00e9pend de la taille et de la complexit\u00e9 du projet. Les petits projets standards peuvent \u00eatre r\u00e9alis\u00e9s en quelques semaines, tandis que les projets plus importants et personnalis\u00e9s peuvent prendre plusieurs mois.<\/p>\n<h3><span class=\"ez-toc-section\" id=\"Kis_bahcesi_insa_ederken_hangi_malzemeler_kullanilir\"><\/span>Quels mat\u00e9riaux sont utilis\u00e9s pour construire un jardin d&#039;hiver ?<span class=\"ez-toc-section-end\"><\/span><\/h3>\n<p>Les mat\u00e9riaux de base utilis\u00e9s dans la construction de jardins d&#039;hiver comprennent le verre, les cadres en aluminium, les panneaux en PVC, les mat\u00e9riaux isolants et les rev\u00eatements de sol. La qualit\u00e9 des mat\u00e9riaux garantit la p\u00e9rennit\u00e9 et l&#039;efficacit\u00e9 \u00e9nerg\u00e9tique de votre v\u00e9randa.<\/p>\n<h3><span class=\"ez-toc-section\" id=\"Kis_bahcesi_icin_isitma_ve_yalitim_neden_onemlidir\"><\/span>Pourquoi le chauffage et l\u2019isolation sont-ils importants pour le jardin d\u2019hiver ?<span class=\"ez-toc-section-end\"><\/span><\/h3>\n<p>Afin d\u2019utiliser le jardin d\u2019hiver pendant les quatre saisons, un syst\u00e8me de chauffage et d\u2019isolation efficace est n\u00e9cessaire. Tandis que l&#039;isolation \u00e9vite les d\u00e9perditions de chaleur, le syst\u00e8me de chauffage assure le confort pendant les mois d&#039;hiver. Ces syst\u00e8mes vous aident \u00e9galement \u00e0 \u00e9conomiser de l\u2019\u00e9nergie.<\/p>\n<h3><span class=\"ez-toc-section\" id=\"Kis_bahcesi_insasi_icin_hangi_izinlere_ihtiyac_duyulur\"><\/span>Quels permis sont n\u00e9cessaires pour la construction d&#039;un jardin d&#039;hiver ?<span class=\"ez-toc-section-end\"><\/span><\/h3>\n<p>Lors de la construction d&#039;un jardin d&#039;hiver, les r\u00e9glementations locales et les r\u00e8gles de zonage doivent \u00eatre respect\u00e9es. Les permis n\u00e9cessaires peuvent varier en fonction de votre r\u00e9gion et de la taille de votre projet. Il est important d&#039;obtenir les permis n\u00e9cessaires aupr\u00e8s du gouvernement local pour \u00e9viter d&#039;\u00e9ventuels probl\u00e8mes juridiques.<\/p>\n<h3><span class=\"ez-toc-section\" id=\"Kis_bahcesi_maliyetlerini_nasil_dusurebilirim\"><\/span>Comment puis-je r\u00e9duire les co\u00fbts de la v\u00e9randa ?<span class=\"ez-toc-section-end\"><\/span><\/h3>\n<p>Pour r\u00e9duire les co\u00fbts du jardin d&#039;hiver, vous pouvez optimiser la taille du projet, faire des choix \u00e9quilibr\u00e9s dans la s\u00e9lection des mat\u00e9riaux et \u00e9conomiser sur les co\u00fbts de main-d&#039;\u0153uvre et d&#039;entretien en travaillant avec une \u00e9quipe de construction professionnelle.<\/p>\n<h3><span class=\"ez-toc-section\" id=\"Kis_bahcesinin_bakim_maliyetleri_nedir\"><\/span>Quels sont les frais d\u2019entretien du jardin d\u2019hiver ?<span class=\"ez-toc-section-end\"><\/span><\/h3>\n<p>Frais d&#039;entretien du jardin d&#039;hiver; Cela d\u00e9pend du nettoyage, de la protection des fen\u00eatres, de l\u2019entretien des plantes, du syst\u00e8me de chauffage et de l\u2019entretien g\u00e9n\u00e9ral. Un entretien r\u00e9gulier pr\u00e9serve les performances et la valeur esth\u00e9tique de la v\u00e9randa \u00e0 long terme.<\/p>\n<h3><span class=\"ez-toc-section\" id=\"Kis_bahcesi_yatirim_degeri_saglar_mi\"><\/span>Une v\u00e9randa offre-t-elle une valeur d\u2019investissement ?<span class=\"ez-toc-section-end\"><\/span><\/h3>\n<p>Oui, une v\u00e9randa est consid\u00e9r\u00e9e comme un investissement qui ajoute de la valeur \u00e0 votre maison. Lorsque vous inscrivez votre maison, des espaces de vie suppl\u00e9mentaires tels qu&#039;une v\u00e9randa attirent l&#039;attention des acheteurs potentiels et augmentent la valeur marchande de votre maison.<\/p>\n<h3><span class=\"ez-toc-section\" id=\"Kis_bahcesi_ile_normal_bir_teras_arasinda_ne_fark_vardir\"><\/span>Quelle est la diff\u00e9rence entre un jardin d&#039;hiver et une terrasse normale ?<span class=\"ez-toc-section-end\"><\/span><\/h3>\n<p>Le jardin d&#039;hiver a une structure ferm\u00e9e et isol\u00e9e, ce qui lui permet d&#039;\u00eatre utilis\u00e9 tout au long des quatre saisons. Si elle peut \u00eatre facilement utilis\u00e9e pendant les mois d\u2019hiver gr\u00e2ce \u00e0 ses syst\u00e8mes de chauffage et d\u2019isolation, la terrasse est g\u00e9n\u00e9ralement expos\u00e9e aux conditions ext\u00e9rieures et ne convient donc qu\u2019\u00e0 certaines saisons.<\/p>\n\n\n<div class=\"kk-star-ratings kksr-auto kksr-align-center kksr-valign-bottom\"\n    data-payload='{&quot;align&quot;:&quot;center&quot;,&quot;id&quot;:&quot;15668&quot;,&quot;slug&quot;:&quot;default&quot;,&quot;valign&quot;:&quot;bottom&quot;,&quot;ignore&quot;:&quot;&quot;,&quot;reference&quot;:&quot;auto&quot;,&quot;class&quot;:&quot;&quot;,&quot;count&quot;:&quot;4&quot;,&quot;legendonly&quot;:&quot;&quot;,&quot;readonly&quot;:&quot;&quot;,&quot;score&quot;:&quot;5&quot;,&quot;starsonly&quot;:&quot;&quot;,&quot;best&quot;:&quot;5&quot;,&quot;gap&quot;:&quot;5&quot;,&quot;greet&quot;:&quot;\u0130\u00e7eri\u011fimizi Oylay\u0131n!&quot;,&quot;legend&quot;:&quot;5\\\/5 - (4 oy kullan\u0131ld\u0131.)&quot;,&quot;size&quot;:&quot;24&quot;,&quot;title&quot;:&quot;K\u0131\u015f Bah\u00e7esi Fiyatlar\u0131 Belirlenirken Bilinmesi Gerekenler&quot;,&quot;width&quot;:&quot;142.5&quot;,&quot;_legend&quot;:&quot;{score}\\\/{best} - ({count} oy kullan\u0131ld\u0131.)&quot;,&quot;font_factor&quot;:&quot;1.25&quot;}'>\n            \n<div class=\"kksr-stars\">\n    \n<div class=\"kksr-stars-inactive\">\n            <div class=\"kksr-star\" data-star=\"1\" style=\"padding-right: 5px\">\n            \n\n<div class=\"kksr-icon\" style=\"width: 24px; height: 24px;\"><\/div>\n        <\/div>\n            <div class=\"kksr-star\" data-star=\"2\" style=\"padding-right: 5px\">\n            \n\n<div class=\"kksr-icon\" style=\"width: 24px; height: 24px;\"><\/div>\n        <\/div>\n            <div class=\"kksr-star\" data-star=\"3\" style=\"padding-right: 5px\">\n            \n\n<div class=\"kksr-icon\" style=\"width: 24px; height: 24px;\"><\/div>\n        <\/div>\n            <div class=\"kksr-star\" data-star=\"4\" style=\"padding-right: 5px\">\n            \n\n<div class=\"kksr-icon\" style=\"width: 24px; height: 24px;\"><\/div>\n        <\/div>\n            <div class=\"kksr-star\" data-star=\"5\" style=\"padding-right: 5px\">\n            \n\n<div class=\"kksr-icon\" style=\"width: 24px; height: 24px;\"><\/div>\n        <\/div>\n    <\/div>\n    \n<div class=\"kksr-stars-active\" style=\"width: 142.5px;\">\n            <div class=\"kksr-star\" style=\"padding-right: 5px\">\n            \n\n<div class=\"kksr-icon\" style=\"width: 24px; height: 24px;\"><\/div>\n        <\/div>\n            <div class=\"kksr-star\" style=\"padding-right: 5px\">\n            \n\n<div class=\"kksr-icon\" style=\"width: 24px; height: 24px;\"><\/div>\n        <\/div>\n            <div class=\"kksr-star\" style=\"padding-right: 5px\">\n            \n\n<div class=\"kksr-icon\" style=\"width: 24px; height: 24px;\"><\/div>\n        <\/div>\n            <div class=\"kksr-star\" style=\"padding-right: 5px\">\n            \n\n<div class=\"kksr-icon\" style=\"width: 24px; height: 24px;\"><\/div>\n        <\/div>\n            <div class=\"kksr-star\" style=\"padding-right: 5px\">\n            \n\n<div class=\"kksr-icon\" style=\"width: 24px; height: 24px;\"><\/div>\n        <\/div>\n    <\/div>\n<\/div>\n                \n\n<div class=\"kksr-legend\" style=\"font-size: 19.2px;\">\n            5\/5 - (4 votes ont \u00e9t\u00e9 exprim\u00e9s.)    <\/div>\n    <\/div>","protected":false},"excerpt":{"rendered":"<p>Les jardins d\u2019hiver sont des espaces uniques qui font entrer la nature dans votre maison, vous permettent d\u2019\u00eatre en contact avec la nature et ajoutent de la valeur aux espaces de vie. Ces derni\u00e8res ann\u00e9es, les jardins d\u2019hiver ont suscit\u00e9 un grand int\u00e9r\u00eat de la part des amateurs de combinaison d\u2019espaces int\u00e9rieurs et ext\u00e9rieurs. Si ces espaces ajoutent une valeur esth\u00e9tique et fonctionnelle \u00e0 votre maison, ils offrent \u00e9galement des espaces de vie agr\u00e9ables. Alors, comment sont d\u00e9termin\u00e9s les prix des jardins d\u2019hiver et que...<\/p>","protected":false},"author":1,"featured_media":11250,"comment_status":"closed","ping_status":"closed","sticky":false,"template":"","format":"standard","meta":{"_kad_post_transparent":"default","_kad_post_title":"default","_kad_post_layout":"default","_kad_post_sidebar_id":"","_kad_post_content_style":"default","_kad_post_vertical_padding":"default","_kad_post_feature":"","_kad_post_feature_position":"","_kad_post_header":false,"_kad_post_footer":false,"_joinchat":[],"footnotes":""},"categories":[682],"tags":[901,560,475,626],"class_list":["post-15668","post","type-post","status-publish","format-standard","has-post-thumbnail","hentry","category-kisbahcesi","tag-cam-tavan-sistemleri","tag-kis-bahcesi","tag-kis-bahcesi-fiyatlari","tag-kis-bahcesi-sistemleri"],"_links":{"self":[{"href":"https:\/\/encoart.com\/fr\/wp-json\/wp\/v2\/posts\/15668","targetHints":{"allow":["GET"]}}],"collection":[{"href":"https:\/\/encoart.com\/fr\/wp-json\/wp\/v2\/posts"}],"about":[{"href":"https:\/\/encoart.com\/fr\/wp-json\/wp\/v2\/types\/post"}],"author":[{"embeddable":true,"href":"https:\/\/encoart.com\/fr\/wp-json\/wp\/v2\/users\/1"}],"replies":[{"embeddable":true,"href":"https:\/\/encoart.com\/fr\/wp-json\/wp\/v2\/comments?post=15668"}],"version-history":[{"count":1,"href":"https:\/\/encoart.com\/fr\/wp-json\/wp\/v2\/posts\/15668\/revisions"}],"predecessor-version":[{"id":19869,"href":"https:\/\/encoart.com\/fr\/wp-json\/wp\/v2\/posts\/15668\/revisions\/19869"}],"wp:featuredmedia":[{"embeddable":true,"href":"https:\/\/encoart.com\/fr\/wp-json\/wp\/v2\/media\/11250"}],"wp:attachment":[{"href":"https:\/\/encoart.com\/fr\/wp-json\/wp\/v2\/media?parent=15668"}],"wp:term":[{"taxonomy":"category","embeddable":true,"href":"https:\/\/encoart.com\/fr\/wp-json\/wp\/v2\/categories?post=15668"},{"taxonomy":"post_tag","embeddable":true,"href":"https:\/\/encoart.com\/fr\/wp-json\/wp\/v2\/tags?post=15668"}],"curies":[{"name":"wp","href":"https:\/\/api.w.org\/{rel}","templated":true}]}}